{"id":1203,"date":"2010-03-04T18:52:40","date_gmt":"2010-03-04T16:52:40","guid":{"rendered":"http:\/\/www.duenengras.de\/?p=1203"},"modified":"2010-05-23T14:25:22","modified_gmt":"2010-05-23T12:25:22","slug":"%c2%bbsoll-der-mensch-von-der-erfahrung-mit-dem-sterben-erzahlen%c2%ab-%e2%80%93-%c2%bbich-habe-krebs%c2%ab","status":"publish","type":"post","link":"https:\/\/www.duenengras.de\/?p=1203","title":{"rendered":"\u00bbSoll der Mensch von der Erfahrung mit dem Sterben erz\u00e4hlen?\u00ab \u2013 \u00bbIch habe Krebs!\u00ab"},"content":{"rendered":"<p> &nbsp; \n<\/p>\n<p style=\"padding-left: 30px; font-size: small; color: rgb(0, 51, 102); font-family: Verdana;\">\n\u00bbSoll der Mensch von der Erfahrung mit dem Sterben erz\u00e4hlen?\u00ab, fragen sich die Medien und Jannis Kucharz in www.evangelisch.de in einem Beitrag unter der \u00dcberschrift: <a href=\"http:\/\/www.evangelisch.de\/community\/blog\/jannis\/literatur-ich-habe-krebs#comment-6610\" title=\"Klick zum Beitrag\" target=\"_blank\"><span style=\"font-size: small; color: rgb(255, 88, 1); font-family: Verdana;\"><strong>Literatur: &#8222;Ich habe Krebs&#8220; <\/strong><\/span><\/a><\/p>\n<p> &nbsp; <\/p>\n<p style=\"padding-left: 60px;font-size: medium; color: rgb(0, 51, 102); font-family: Verdana;\"> <strong><br \/>\nAuch ich habe Krebs <\/strong><\/p>\n<p> &nbsp; \n<\/p>\n<p style=\"padding-left: 60px; font-size: small; color: rgb(0, 51, 102); font-family: Verdana;\">\nWenn die H\u00e4lfte aller M\u00e4nner und ein Drittel aller Frauen mindestens einmal im Leben mit Krebs und seinen Auswirkungen zu tun haben (Tendenz steigend!), nicht mitgez\u00e4hlt die mitbetroffenen Partner(innen), Familienangeh\u00f6rigen, Freunde und Verwandten, dann wird wohl jedem klar: Nat\u00fcrlich muss dar\u00fcber gesprochen werden, aber nat\u00fcrlich nicht zu jeder Zeit und zu jedem Anlass. <br \/> &nbsp; <br \/>\nWie zum Leben der Tod, so geh\u00f6rt zur Gesundheit die Krankheit: Alle waren oder werden wir im Leben einmal krank: Krankheiten geh\u00f6ren somit zum Leben und verdeutlichen uns immer wieder, dass wir Menschen nicht perfekt und vollkommen sind. Gleichzeitig ist all unser Bem\u00fchen nat\u00fcrlich darauf ausgerichtet, Krankheiten zu heilen oder zumindest die Folgen f\u00fcr die betroffenen Menschen ertr\u00e4glich zu machen. Dar\u00fcber hinaus begreifen wir oft erst durch Krankheit, wie wertvoll Gesundheit (bez\u00fcglich des K\u00f6rpers wie auch der Psyche) im Leben ist. <br \/> &nbsp; <br \/>\nAls im April 2006 \u00fcber mich v\u00f6llig unerwartet die Nachricht \u00bbNur noch wenige Monate\u00ab mit der Diagnose \u00bbEine sehr aggressive, kleinzellige Krebsart\u00ab hereinbricht, beginnt auch f\u00fcr mich dieser schmerzhafte aber auch zugleich befreiende Lernprozess, meine lebensbedrohende Krankheit und damit meine Verg\u00e4nglichkeit anzuschauen und zu akzeptieren, mit ihr fertig zu werden. <br \/> &nbsp; <br \/>\nDas geht am besten, wenn man sich damit auch auseinandersetzt, dar\u00fcber spricht oder schreibt. \u2013 Mir zumindest (wie vielen anderen auch) hat das Schreiben \u00fcber meinen Krebs geholfen. <br \/> &nbsp; <br \/>\nSchicksalsschl\u00e4ge k\u00f6nnen einen Menschen sehr ver\u00e4ndern, zum Negativen, indem man verbittert und vereinsamt, weil man z.B. nicht dar\u00fcber spricht und sich austauscht, oder aber zum Positiven, in dem man das Beste daraus macht. &#8211; Letzteres versuche ich, auch wenn es immer wieder Menschen gibt, die sich \u00fcber das Thema Krebs erregen, aufregen, andererseits sich aber immer wieder voyeurhaft in diese Seiten einklicken, sie gar ver\u00e4rgert kommentieren oder mit schlechten Bewertungen abzustrafen versuchen, anstatt sich mit Dingen zu besch\u00e4ftigen, die sie zufrieden stellen und\/oder gl\u00fccklicher machen, die ihrem (hoffentlich gesunden) Lebensspielraum am n\u00e4hesten kommen und sie weiterbringen &#8230; \u2013 Nur f\u00fcr uns (zumindest bewussten) Krebspatienten ist auch die Krankheit und der Tod ein Spielgef\u00e4hrte des Lebens, der ernst genommen werden will und muss. Wir kommen nicht umhin, dies wahrzunehmen, wollen wir nicht innerlich erblinden. <br \/> &nbsp; <\/p>\n<p style=\"padding-left: 30px; font-size: small; color: rgb(0, 51, 102); font-family: Verdana;\">\nHerzlich, <br \/> &nbsp; <br \/>\n<a target=\"_blank\" title=\" Klick zur Seite: \u00bb\u00dcBER MICH\u00ab\" href=\" http:\/\/www.duenengras.de\/?page_id=9\"><span style=\" color: rgb(0, 51, 102);\"> Stephan<\/span> <\/a>  <br \/>&#8212;&#8212;&#8212;&#8212; <br \/><a target=\"_blank\" title=\" Klick zum   T H E M A T I S C H E N   Inhaltsverzeichnis\" href=\" http:\/\/www.duenengras.de\/?page_id=1578\"> <span style=\" font-size: small; color: rgb(255, 88, 1); \"> Thematisches Inhaltsverzeichnis<\/span><\/a> <span style=\" font-size: small\"> &nbsp; oder &nbsp; <\/span> <a target=\"_blank\" title=\" Klick zum   C H R O N O L O G I S C H E N   Inhaltsverzeichnis\" href=\" http:\/\/www.duenengras.de\/?page_id=1580\"> <span style=\" font-size: small; color: rgb(255, 88, 1); \"> Chronologisches Inhaltsverzeichnis<\/span> <\/a>  <br \/><a target=\"_blank\" title=\" Klick zum Blog-ANFANG\" href=\" http:\/\/www.duenengras.de\/?cat=1\"> <span style=\" font-size: small; color: rgb(255, 88, 1); \"> Zum Blog-ANFANG<\/span><\/a> <span style=\" font-size: small\"> &nbsp; oder &nbsp; <\/span> <a target=\"_blank\" title=\" Klick zum Blog-ENDE\" href=\" http:\/\/www.duenengras.de\/?p=150\"> <span style=\" font-size: small; color: rgb(255, 88, 1); \"> Zum Blog-ENDE<\/span><\/a> <span style=\" font-size: small\"> &nbsp; oder &nbsp;  <\/span> <a target=\"_blank\" title=\" Klick zur HOME-Seite\" href=\" http:\/\/www.duenengras.de\/\"> <span style=\" font-size: small; color: rgb(255, 88, 1); \"> H O M E<\/span> <\/a>  <\/p>\n<p> &nbsp; <\/p>\n<p> &nbsp; <\/p>\n","protected":false},"excerpt":{"rendered":"<p>&nbsp; \u00bbSoll der Mensch von der Erfahrung mit dem Sterben erz\u00e4hlen?\u00ab, fragen sich die Medien und Jannis Kucharz in www.evangelisch.de in einem Beitrag unter der \u00dcberschrift: Literatur: &#8222;Ich habe Krebs&#8220; &nbsp; Auch ich habe Krebs &nbsp; Wenn die H\u00e4lfte aller M\u00e4nner und ein Drittel aller Frauen mindestens einmal im Leben mit Krebs und seinen Auswirkungen [&hellip;]<\/p>\n","protected":false},"author":2,"featured_media":0,"comment_status":"open","ping_status":"closed","sticky":false,"template":"","format":"standard","meta":{"footnotes":""},"categories":[1],"tags":[16,156,157,158,30,10,159,50,160],"class_list":["post-1203","post","type-post","status-publish","format-standard","hentry","category-allgemein","tag-krebs","tag-leben-und-tod","tag-leid","tag-mit-seiner-krankheit-leben","tag-positives-denken","tag-schicksalsschlag","tag-sich-die-seele-freischreiben","tag-tod","tag-umgang-mit-krebs"],"_links":{"self":[{"href":"https:\/\/www.duenengras.de\/index.php?rest_route=\/wp\/v2\/posts\/1203","targetHints":{"allow":["GET"]}}],"collection":[{"href":"https:\/\/www.duenengras.de\/index.php?rest_route=\/wp\/v2\/posts"}],"about":[{"href":"https:\/\/www.duenengras.de\/index.php?rest_route=\/wp\/v2\/types\/post"}],"author":[{"embeddable":true,"href":"https:\/\/www.duenengras.de\/index.php?rest_route=\/wp\/v2\/users\/2"}],"replies":[{"embeddable":true,"href":"https:\/\/www.duenengras.de\/index.php?rest_route=%2Fwp%2Fv2%2Fcomments&post=1203"}],"version-history":[{"count":17,"href":"https:\/\/www.duenengras.de\/index.php?rest_route=\/wp\/v2\/posts\/1203\/revisions"}],"predecessor-version":[{"id":1718,"href":"https:\/\/www.duenengras.de\/index.php?rest_route=\/wp\/v2\/posts\/1203\/revisions\/1718"}],"wp:attachment":[{"href":"https:\/\/www.duenengras.de\/index.php?rest_route=%2Fwp%2Fv2%2Fmedia&parent=1203"}],"wp:term":[{"taxonomy":"category","embeddable":true,"href":"https:\/\/www.duenengras.de\/index.php?rest_route=%2Fwp%2Fv2%2Fcategories&post=1203"},{"taxonomy":"post_tag","embeddable":true,"href":"https:\/\/www.duenengras.de\/index.php?rest_route=%2Fwp%2Fv2%2Ftags&post=1203"}],"curies":[{"name":"wp","href":"https:\/\/api.w.org\/{rel}","templated":true}]}}